{"id":1879,"date":"2020-03-23T14:55:40","date_gmt":"2020-03-23T12:55:40","guid":{"rendered":"https:\/\/www.seguros-generales.es\/noticias\/?p=1879"},"modified":"2023-10-03T18:27:05","modified_gmt":"2023-10-03T16:27:05","slug":"excepcion-por-pandemias","status":"publish","type":"post","link":"https:\/\/www.seguros-generales.es\/noticias\/2020\/03\/23\/excepcion-por-pandemias\/","title":{"rendered":"No todas las aseguradoras aplican excepci\u00f3n por pandemias"},"content":{"rendered":"<p>La Uni\u00f3n Espa\u00f1ola de Entidades Aseguradoras y Reaseguradoras, patronal nacional UNESPA afirma que <strong>el sector de vida est\u00e1 indemnizando en forma satisfactoria y puntual los casos asegurados, de fallecidos por coronavirus. <\/strong>Y entregando correctamente las cantidades aseguradas a sus respectivos beneficiarios. Por lo que consideran que est\u00e1n prestando el servicio a sus clientes con normalidad de excepci\u00f3n por pandemias.<\/p>\n<p>Sin embargo, el hecho de que la pandemia se excluya en las p\u00f3lizas de los seguros de vida es un tema que inquieta de la poblaci\u00f3n. Pues la cl\u00e1usula que se contempla en <strong>muchos seguros de vida excluye los fallecimientos ocurridos ante una pandemia <\/strong>tal como ocurre actualmente con el coronavirus.<\/p>\n<div id=\"ez-toc-container\" class=\"ez-toc-v2_0_82_2 counter-hierarchy ez-toc-counter ez-toc-grey ez-toc-container-direction\">\n<div class=\"ez-toc-title-container\">\n<p class=\"ez-toc-title\" style=\"cursor:inherit\">Table of Contents<\/p>\n<span class=\"ez-toc-title-toggle\"><a href=\"#\" class=\"ez-toc-pull-right ez-toc-btn ez-toc-btn-xs ez-toc-btn-default ez-toc-toggle\" aria-label=\"Alternar tabla de contenidos\"><span class=\"ez-toc-js-icon-con\"><span class=\"\"><span class=\"eztoc-hide\" style=\"display:none;\">Toggle<\/span><span class=\"ez-toc-icon-toggle-span\"><svg style=\"fill: #999;color:#999\" xmlns=\"http:\/\/www.w3.org\/2000\/svg\" class=\"list-377408\" width=\"20px\" height=\"20px\" viewBox=\"0 0 24 24\" fill=\"none\"><path d=\"M6 6H4v2h2V6zm14 0H8v2h12V6zM4 11h2v2H4v-2zm16 0H8v2h12v-2zM4 16h2v2H4v-2zm16 0H8v2h12v-2z\" fill=\"currentColor\"><\/path><\/svg><svg style=\"fill: #999;color:#999\" class=\"arrow-unsorted-368013\" xmlns=\"http:\/\/www.w3.org\/2000\/svg\" width=\"10px\" height=\"10px\" viewBox=\"0 0 24 24\" version=\"1.2\" baseProfile=\"tiny\"><path d=\"M18.2 9.3l-6.2-6.3-6.2 6.3c-.2.2-.3.4-.3.7s.1.5.3.7c.2.2.4.3.7.3h11c.3 0 .5-.1.7-.3.2-.2.3-.5.3-.7s-.1-.5-.3-.7zM5.8 14.7l6.2 6.3 6.2-6.3c.2-.2.3-.5.3-.7s-.1-.5-.3-.7c-.2-.2-.4-.3-.7-.3h-11c-.3 0-.5.1-.7.3-.2.2-.3.5-.3.7s.1.5.3.7z\"\/><\/svg><\/span><\/span><\/span><\/a><\/span><\/div>\n<nav><ul class='ez-toc-list ez-toc-list-level-1 ' ><li class='ez-toc-page-1 ez-toc-heading-level-2'><a class=\"ez-toc-link ez-toc-heading-1\" href=\"https:\/\/www.seguros-generales.es\/noticias\/2020\/03\/23\/excepcion-por-pandemias\/#Se_presta_servicio_con_normalidad_en_aseguradoras\" >Se presta servicio con normalidad en aseguradoras<\/a><ul class='ez-toc-list-level-3' ><li class='ez-toc-heading-level-3'><a class=\"ez-toc-link ez-toc-heading-2\" href=\"https:\/\/www.seguros-generales.es\/noticias\/2020\/03\/23\/excepcion-por-pandemias\/#Excepcion_por_pandemias_en_el_sector_de_seguros\" >Excepci\u00f3n por pandemias en el sector de seguros<\/a><\/li><\/ul><\/li><li class='ez-toc-page-1 ez-toc-heading-level-2'><a class=\"ez-toc-link ez-toc-heading-3\" href=\"https:\/\/www.seguros-generales.es\/noticias\/2020\/03\/23\/excepcion-por-pandemias\/#Las_Coberturas_del_Seguro_Medico_Privado_Una_Mirada_Integral\" >Las Coberturas del Seguro M\u00e9dico Privado: Una Mirada Integral<\/a><ul class='ez-toc-list-level-3' ><li class='ez-toc-heading-level-3'><a class=\"ez-toc-link ez-toc-heading-4\" href=\"https:\/\/www.seguros-generales.es\/noticias\/2020\/03\/23\/excepcion-por-pandemias\/#1_Atencion_Primaria\" >1. Atenci\u00f3n Primaria<\/a><\/li><li class='ez-toc-page-1 ez-toc-heading-level-3'><a class=\"ez-toc-link ez-toc-heading-5\" href=\"https:\/\/www.seguros-generales.es\/noticias\/2020\/03\/23\/excepcion-por-pandemias\/#2_Especialidades_Medicas\" >2. Especialidades M\u00e9dicas<\/a><\/li><li class='ez-toc-page-1 ez-toc-heading-level-3'><a class=\"ez-toc-link ez-toc-heading-6\" href=\"https:\/\/www.seguros-generales.es\/noticias\/2020\/03\/23\/excepcion-por-pandemias\/#3_Pruebas_Diagnosticas\" >3. Pruebas Diagn\u00f3sticas<\/a><\/li><li class='ez-toc-page-1 ez-toc-heading-level-3'><a class=\"ez-toc-link ez-toc-heading-7\" href=\"https:\/\/www.seguros-generales.es\/noticias\/2020\/03\/23\/excepcion-por-pandemias\/#4_Intervenciones_Quirurgicas\" >4. Intervenciones Quir\u00fargicas<\/a><\/li><li class='ez-toc-page-1 ez-toc-heading-level-3'><a class=\"ez-toc-link ez-toc-heading-8\" href=\"https:\/\/www.seguros-generales.es\/noticias\/2020\/03\/23\/excepcion-por-pandemias\/#5_Hospitalizacion\" >5. Hospitalizaci\u00f3n<\/a><\/li><li class='ez-toc-page-1 ez-toc-heading-level-3'><a class=\"ez-toc-link ez-toc-heading-9\" href=\"https:\/\/www.seguros-generales.es\/noticias\/2020\/03\/23\/excepcion-por-pandemias\/#6_Urgencias\" >6. Urgencias<\/a><\/li><li class='ez-toc-page-1 ez-toc-heading-level-3'><a class=\"ez-toc-link ez-toc-heading-10\" href=\"https:\/\/www.seguros-generales.es\/noticias\/2020\/03\/23\/excepcion-por-pandemias\/#7_Tratamientos_Especificos\" >7. Tratamientos Espec\u00edficos<\/a><\/li><li class='ez-toc-page-1 ez-toc-heading-level-3'><a class=\"ez-toc-link ez-toc-heading-11\" href=\"https:\/\/www.seguros-generales.es\/noticias\/2020\/03\/23\/excepcion-por-pandemias\/#8_Medicina_Preventiva\" >8. Medicina Preventiva<\/a><\/li><li class='ez-toc-page-1 ez-toc-heading-level-3'><a class=\"ez-toc-link ez-toc-heading-12\" href=\"https:\/\/www.seguros-generales.es\/noticias\/2020\/03\/23\/excepcion-por-pandemias\/#9_Salud_Reproductiva\" >9. Salud Reproductiva<\/a><\/li><li class='ez-toc-page-1 ez-toc-heading-level-3'><a class=\"ez-toc-link ez-toc-heading-13\" href=\"https:\/\/www.seguros-generales.es\/noticias\/2020\/03\/23\/excepcion-por-pandemias\/#10_Coberturas_Opcionales\" >10. Coberturas Opcionales<\/a><\/li><\/ul><\/li><\/ul><\/nav><\/div>\n<h2><span class=\"ez-toc-section\" id=\"Se_presta_servicio_con_normalidad_en_aseguradoras\"><\/span><strong><span style=\"color: #ff6600;\">Se presta servicio con normalidad en aseguradoras<\/span><\/strong><span class=\"ez-toc-section-end\"><\/span><\/h2>\n<p>Realmente no existe una regla general respecto a las condiciones que contemplan este tipo de p\u00f3lizas. Dependiendo del tipo de contrato y del tipo de riesgo que se asuma en \u00e9l, se garantiza una cobertura total o se realizan excepciones en las coberturas.<\/p>\n<p>Las aseguradoras por lo general blindan, cualquier causa de fallecimiento. Sin embargo, en algunos casos se niegan a indemnizar a causa de incumplimientos en los pagos. Y a pesar de que el seguro de vida cubre los decesos por enfermedad, <strong>muchas p\u00f3lizas, excluyen las pandemias <\/strong>como el COVID-19.<\/p>\n<p>Pese a ello, UNESPA asegura que las empresas aseguradoras est\u00e1n cumpliendo a sus clientes asegurados con plena normalidad. De hecho, <strong>Zurich<\/strong> anunci\u00f3 la activaci\u00f3n de un plan de contingencia para sus clientes.<\/p>\n<p>En el cual se contempla la inclusi\u00f3n de cobertura de epidemias como el coronavirus, para sus clientes con p\u00f3lizas de seguros de vida riesgo. Lo cual implica que esta aseguradora <strong>no aplicar\u00e1 exclusi\u00f3n a sus asegurados afectados con COVID-19.<\/strong><\/p>\n<p>En el caso de seguros Santa Luc\u00eda, el seguro de decesos, no da excepciones en casos de las pandemias.<\/p>\n<blockquote><p>Revise ahora los mejores <a title=\"seguros low cost\" href=\"https:\/\/www.seguroslowcost.es\" target=\"_blank\" rel=\"noopener\">seguros low cost<\/a> y disminuya los gastos en seguros.<\/p><\/blockquote>\n<h3><span class=\"ez-toc-section\" id=\"Excepcion_por_pandemias_en_el_sector_de_seguros\"><\/span><span style=\"color: #ff6600;\"><strong>Excepci\u00f3n por pandemias en el sector de seguros<\/strong><\/span><span class=\"ez-toc-section-end\"><\/span><\/h3>\n<p>En la crisis de salud que se atraviesa actualmente, se han realizado diversos tipos de cambios en algunos de los productos. Seg\u00fan lo expresa Isabel S\u00e1nchez Parra, directora de Particulares de la firma murciana Gesa Mediaci\u00f3n. Sin embarga, aclara, que <strong>\u201cla producci\u00f3n en vida y decesos no ha sufrido una variaci\u00f3n excepcional<\/strong>\u201d en su corredur\u00eda de seguros.<\/p>\n<p>De igual forma, en BBVA Seguros tampoco se han constatado variaciones debidas al alza de la demanda. Pero si indican, que la facturaci\u00f3n en su totalidad est\u00e1 mucho m\u00e1s lenta. Lo cual consideran l\u00f3gico debido a la situaci\u00f3n que acontece, en la que las personas tienen otras prioridades.<\/p>\n<p>Por otra parte, S\u00e1nchez Parra resalta que \u201clas compa\u00f1\u00edas contin\u00faan indemnizando con normalidad los fallecimientos por coronavirus\u201d. De igual forma explica que \u201cla gran mayor\u00eda sigue incluyendo esta cobertura en las p\u00f3lizas de seguros de vida de nueva producci\u00f3n\u201d. Sin que se contemplen en ellas las exclusiones debido a epidemias o pandemias, como el caso del SARS-CoV-2.<\/p>\n<p>En el mismo sentido, expresa S\u00e1nchez Parra, representante de Gesa que est\u00e1n \u00abapreciando una movilizaci\u00f3n mayor en las compa\u00f1\u00edas especialistas en seguros de decesos\u201d. Pero por supuesto solo en forma relativa.<\/p>\n<p>En el mismo contexto, Juan Correas, de Seguros Ruiz Llorente, en Ceheg\u00edn, admite que \u00a0con Generali han mantenido cierta actividad. Se han hablado de ofertas de inter\u00e9s, en particular con el producto de decesos. Sin embargo, esperan que la pr\u00f3xima semana sea m\u00e1s notorio el paro.<\/p>\n<p>En definitiva los <strong>10,3 millones de asegurados espa\u00f1oles, no tienen la certeza de que ser\u00e1n cubiertos<\/strong> en caso de que se vean afectados por el coronavirus. La Uni\u00f3n Espa\u00f1ola de Entidades Aseguradoras y Reaseguradoras dice que s\u00ed. Y as\u00ed lo manifest\u00f3 en su comunicado del 27 de febrero. Sin embargo, no todas las empresas aseguradoras se han pronunciado como en el caso de Zurich.<\/p>\n<p><strong>La poblaci\u00f3n se ha dedicado a revisar la letra peque\u00f1a de los contratos <\/strong>que han suscrito con las compa\u00f1\u00edas aseguradoras. Para constatar si cuentan o no con la cobertura necesaria que les garantice el derecho a contar con una indemnizaci\u00f3n para sus familiares afectados. Lo cual es testificado por las organizaciones de consumidores.<\/p>\n<p><a href=\"https:\/\/www.seguros-generales.es\" target=\"_blank\" rel=\"noopener\"><img loading=\"lazy\" decoding=\"async\" class=\"aligncenter wp-image-2558 size-large\" title=\"comparador de seguros generales\" src=\"https:\/\/www.seguros-generales.es\/noticias\/wp-content\/uploads\/2021\/03\/seguro-bannet-1024x503.jpg\" alt=\"comparador de seguros generales\" width=\"1024\" height=\"503\" srcset=\"https:\/\/www.seguros-generales.es\/noticias\/wp-content\/uploads\/2021\/03\/seguro-bannet-1024x503.jpg 1024w, https:\/\/www.seguros-generales.es\/noticias\/wp-content\/uploads\/2021\/03\/seguro-bannet-980x481.jpg 980w, https:\/\/www.seguros-generales.es\/noticias\/wp-content\/uploads\/2021\/03\/seguro-bannet-480x236.jpg 480w\" sizes=\"(min-width: 0px) and (max-width: 480px) 480px, (min-width: 481px) and (max-width: 980px) 980px, (min-width: 981px) 1024px, 100vw\" \/><\/a><\/p>\n<h2><span class=\"ez-toc-section\" id=\"Las_Coberturas_del_Seguro_Medico_Privado_Una_Mirada_Integral\"><\/span><span style=\"color: #ff6600;\"><strong>Las Coberturas del Seguro M\u00e9dico Privado: Una Mirada Integral<\/strong><\/span><span class=\"ez-toc-section-end\"><\/span><\/h2>\n<p>El seguro m\u00e9dico privado representa una opci\u00f3n complementaria o alternativa al sistema p\u00fablico de salud en muchos pa\u00edses. A trav\u00e9s de las distintas modalidades y p\u00f3lizas que ofrecen las aseguradoras, los asegurados pueden acceder a una amplia gama de servicios m\u00e9dicos. Este art\u00edculo se adentrar\u00e1 en las principales coberturas que suelen ofrecer estos seguros, permitiendo a los interesados tomar decisiones informadas.<\/p>\n<h3><span class=\"ez-toc-section\" id=\"1_Atencion_Primaria\"><\/span><span style=\"color: #ff6600;\"><strong>1. Atenci\u00f3n Primaria<\/strong><\/span><span class=\"ez-toc-section-end\"><\/span><\/h3>\n<p>La mayor\u00eda de los seguros m\u00e9dicos privados ofrecen cobertura para consultas con m\u00e9dicos de atenci\u00f3n primaria, que son esenciales para el diagn\u00f3stico temprano, tratamientos iniciales y derivaciones a especialistas cuando es necesario.<\/p>\n<h3><span class=\"ez-toc-section\" id=\"2_Especialidades_Medicas\"><\/span><span style=\"color: #ff6600;\"><strong>2. Especialidades M\u00e9dicas<\/strong><\/span><span class=\"ez-toc-section-end\"><\/span><\/h3>\n<p>Los seguros m\u00e9dicos privados suelen cubrir una amplia gama de especialidades, tales como:<\/p>\n<ul>\n<li>Cardiolog\u00eda<\/li>\n<li>Dermatolog\u00eda<\/li>\n<li>Endocrinolog\u00eda<\/li>\n<li>Ginecolog\u00eda<\/li>\n<li>Traumatolog\u00eda<\/li>\n<li>Urolog\u00eda<\/li>\n<li>Entre muchas otras.<\/li>\n<\/ul>\n<h3><span class=\"ez-toc-section\" id=\"3_Pruebas_Diagnosticas\"><\/span><span style=\"color: #ff6600;\"><strong>3. Pruebas Diagn\u00f3sticas<\/strong><\/span><span class=\"ez-toc-section-end\"><\/span><\/h3>\n<p>Las p\u00f3lizas suelen cubrir pruebas diagn\u00f3sticas que van desde an\u00e1lisis de sangre y radiograf\u00edas hasta pruebas m\u00e1s complejas como resonancias magn\u00e9ticas, tomograf\u00edas computarizadas y ecograf\u00edas.<\/p>\n<h3><span class=\"ez-toc-section\" id=\"4_Intervenciones_Quirurgicas\"><\/span><span style=\"color: #ff6600;\"><strong>4. Intervenciones Quir\u00fargicas<\/strong><\/span><span class=\"ez-toc-section-end\"><\/span><\/h3>\n<p>La cobertura suele extenderse a una variedad de procedimientos quir\u00fargicos, ya sean ambulatorios o aquellos que requieran hospitalizaci\u00f3n.<\/p>\n<h3><span class=\"ez-toc-section\" id=\"5_Hospitalizacion\"><\/span><span style=\"color: #ff6600;\"><strong>5. Hospitalizaci\u00f3n<\/strong><\/span><span class=\"ez-toc-section-end\"><\/span><\/h3>\n<p>En caso de que el asegurado necesite ser hospitalizado, el seguro m\u00e9dico privado generalmente cubre los gastos asociados, incluyendo la estancia en el hospital, medicamentos administrados durante la hospitalizaci\u00f3n y cuidados postoperatorios.<\/p>\n<h3><span class=\"ez-toc-section\" id=\"6_Urgencias\"><\/span><span style=\"color: #ff6600;\"><strong>6. Urgencias<\/strong><\/span><span class=\"ez-toc-section-end\"><\/span><\/h3>\n<p>Tanto las urgencias que se atienden en centros m\u00e9dicos como las urgencias domiciliarias suelen estar cubiertas por la mayor\u00eda de las p\u00f3lizas.<\/p>\n<h3><span class=\"ez-toc-section\" id=\"7_Tratamientos_Especificos\"><\/span><span style=\"color: #ff6600;\"><strong>7. Tratamientos Espec\u00edficos<\/strong><\/span><span class=\"ez-toc-section-end\"><\/span><\/h3>\n<p>Algunos seguros ofrecen cobertura para tratamientos especializados como:<\/p>\n<ul>\n<li>Fisioterapia y rehabilitaci\u00f3n.<\/li>\n<li>Tratamientos oncol\u00f3gicos.<\/li>\n<li>Hemodi\u00e1lisis.<\/li>\n<li>Radioterapia.<\/li>\n<\/ul>\n<h3><span class=\"ez-toc-section\" id=\"8_Medicina_Preventiva\"><\/span><span style=\"color: #ff6600;\"><strong>8. Medicina Preventiva<\/strong><\/span><span class=\"ez-toc-section-end\"><\/span><\/h3>\n<p>Dentro de un enfoque proactivo, muchos seguros incluyen coberturas de medicina preventiva, que pueden englobar desde chequeos generales, mamograf\u00edas, colonoscopias, hasta campa\u00f1as de vacunaci\u00f3n.<\/p>\n<h3><span class=\"ez-toc-section\" id=\"9_Salud_Reproductiva\"><\/span><span style=\"color: #ff6600;\"><strong>9. Salud Reproductiva<\/strong><\/span><span class=\"ez-toc-section-end\"><\/span><\/h3>\n<p>Las p\u00f3lizas pueden abarcar desde consultas ginecol\u00f3gicas, seguimientos de embarazo, asistencia al parto, hasta tratamientos de fertilidad, aunque estos \u00faltimos pueden tener limitaciones o requisitos espec\u00edficos.<\/p>\n<h3><span class=\"ez-toc-section\" id=\"10_Coberturas_Opcionales\"><\/span><span style=\"color: #ff6600;\"><strong>10. Coberturas Opcionales<\/strong><\/span><span class=\"ez-toc-section-end\"><\/span><\/h3>\n<p>Adem\u00e1s de las coberturas est\u00e1ndar, muchas aseguradoras ofrecen paquetes o coberturas opcionales para servicios como:<\/p>\n<ul>\n<li>Odontolog\u00eda.<\/li>\n<li>Oftalmolog\u00eda.<\/li>\n<li>Psicoterapia.<\/li>\n<\/ul>\n<p>Al considerar la contrataci\u00f3n de un seguro m\u00e9dico privado, es crucial revisar detenidamente las coberturas incluidas en la p\u00f3liza y compararlas con las necesidades personales o familiares. Asimismo, es importante tener en cuenta posibles periodos de carencia, copagos y limitaciones. Una elecci\u00f3n informada garantizar\u00e1 el acceso a servicios m\u00e9dicos de calidad y una atenci\u00f3n adecuada en momentos cruciales.<\/p>\n","protected":false},"excerpt":{"rendered":"<p>La Uni\u00f3n Espa\u00f1ola de Entidades Aseguradoras y Reaseguradoras, patronal nacional UNESPA afirma que el sector de vida est\u00e1 indemnizando en forma satisfactoria y puntual los casos asegurados, de fallecidos por coronavirus. Y entregando correctamente las cantidades aseguradas a sus respectivos beneficiarios. Por lo que consideran que est\u00e1n prestando el servicio a sus clientes con normalidad [&hellip;]<\/p>\n","protected":false},"author":1,"featured_media":1880,"comment_status":"open","ping_status":"open","sticky":false,"template":"","format":"standard","meta":{"_et_pb_use_builder":"","_et_pb_old_content":"","_et_gb_content_width":"","footnotes":""},"categories":[7],"tags":[1072,1188,1074,1189,249],"class_list":["post-1879","post","type-post","status-publish","format-standard","has-post-thumbnail","hentry","category-aseguradoras","tag-comparador-de-seguros-generales","tag-excepcion-por-pandemias","tag-mejores-seguros","tag-que-no-cubre-el-seguro","tag-seguros-generales"],"_links":{"self":[{"href":"https:\/\/www.seguros-generales.es\/noticias\/wp-json\/wp\/v2\/posts\/1879","targetHints":{"allow":["GET"]}}],"collection":[{"href":"https:\/\/www.seguros-generales.es\/noticias\/wp-json\/wp\/v2\/posts"}],"about":[{"href":"https:\/\/www.seguros-generales.es\/noticias\/wp-json\/wp\/v2\/types\/post"}],"author":[{"embeddable":true,"href":"https:\/\/www.seguros-generales.es\/noticias\/wp-json\/wp\/v2\/users\/1"}],"replies":[{"embeddable":true,"href":"https:\/\/www.seguros-generales.es\/noticias\/wp-json\/wp\/v2\/comments?post=1879"}],"version-history":[{"count":3,"href":"https:\/\/www.seguros-generales.es\/noticias\/wp-json\/wp\/v2\/posts\/1879\/revisions"}],"predecessor-version":[{"id":2609,"href":"https:\/\/www.seguros-generales.es\/noticias\/wp-json\/wp\/v2\/posts\/1879\/revisions\/2609"}],"wp:featuredmedia":[{"embeddable":true,"href":"https:\/\/www.seguros-generales.es\/noticias\/wp-json\/wp\/v2\/media\/1880"}],"wp:attachment":[{"href":"https:\/\/www.seguros-generales.es\/noticias\/wp-json\/wp\/v2\/media?parent=1879"}],"wp:term":[{"taxonomy":"category","embeddable":true,"href":"https:\/\/www.seguros-generales.es\/noticias\/wp-json\/wp\/v2\/categories?post=1879"},{"taxonomy":"post_tag","embeddable":true,"href":"https:\/\/www.seguros-generales.es\/noticias\/wp-json\/wp\/v2\/tags?post=1879"}],"curies":[{"name":"wp","href":"https:\/\/api.w.org\/{rel}","templated":true}]}}