{"id":2130,"date":"2021-10-08T22:23:52","date_gmt":"2021-10-08T20:23:52","guid":{"rendered":"https:\/\/www.seguros-generales.es\/noticias\/?p=2130"},"modified":"2021-10-08T22:24:09","modified_gmt":"2021-10-08T20:24:09","slug":"periodo-de-carencia","status":"publish","type":"post","link":"https:\/\/www.seguros-generales.es\/noticias\/2021\/10\/08\/periodo-de-carencia\/","title":{"rendered":"Per\u00edodo de carencia: \u00bfQu\u00e9 significa en el seguro?"},"content":{"rendered":"<p>Seguramente te has preguntado, \u00bfQu\u00e9 es el per\u00edodo de carencia? En este post te contaremos c\u00f3mo funciona este t\u00e9rmino tan utilizado por las compa\u00f1\u00edas de seguros. Ya que suele causar confusi\u00f3n entre los contratantes de p\u00f3lizas.<\/p>\n<p>Asimismo, el t\u00e9rmino es bastante popular en <strong><a href=\"https:\/\/www.seguros-generales.es\/seguros-salud.html\">seguros de salud<\/a>. <\/strong>Y ya que este es uno de los productos m\u00e1s demandados en las aseguradoras, conviene comprender cu\u00e1l es su significado.<\/p>\n<p>Tal como hemos acotado en otras oportunidades, las empresas de seguros suelen utilizar muchos t\u00e9rminos. Por ejemplo, <strong><a href=\"https:\/\/www.seguros-generales.es\/noticias\/2021\/07\/19\/seguro-de-caucion\/\">seguro de cauci\u00f3n<\/a><\/strong>, <strong><a href=\"https:\/\/www.seguros-generales.es\/\">seguros generales<\/a><\/strong>, prima del seguro, etc.<\/p>\n<p>Te contaremos todo lo que tienes que saber acerca del <strong>per\u00edodo de carencia en seguros<\/strong>. \u00bfTiene alg\u00fan impacto en el uso de tu p\u00f3liza? Descubre esta y otras dudas frecuentes sobre este tema.<\/p>\n<div id=\"ez-toc-container\" class=\"ez-toc-v2_0_82_2 counter-hierarchy ez-toc-counter ez-toc-grey ez-toc-container-direction\">\n<div class=\"ez-toc-title-container\">\n<p class=\"ez-toc-title\" style=\"cursor:inherit\">Table of Contents<\/p>\n<span class=\"ez-toc-title-toggle\"><a href=\"#\" class=\"ez-toc-pull-right ez-toc-btn ez-toc-btn-xs ez-toc-btn-default ez-toc-toggle\" aria-label=\"Alternar tabla de contenidos\"><span class=\"ez-toc-js-icon-con\"><span class=\"\"><span class=\"eztoc-hide\" style=\"display:none;\">Toggle<\/span><span class=\"ez-toc-icon-toggle-span\"><svg style=\"fill: #999;color:#999\" xmlns=\"http:\/\/www.w3.org\/2000\/svg\" class=\"list-377408\" width=\"20px\" height=\"20px\" viewBox=\"0 0 24 24\" fill=\"none\"><path d=\"M6 6H4v2h2V6zm14 0H8v2h12V6zM4 11h2v2H4v-2zm16 0H8v2h12v-2zM4 16h2v2H4v-2zm16 0H8v2h12v-2z\" fill=\"currentColor\"><\/path><\/svg><svg style=\"fill: #999;color:#999\" class=\"arrow-unsorted-368013\" xmlns=\"http:\/\/www.w3.org\/2000\/svg\" width=\"10px\" height=\"10px\" viewBox=\"0 0 24 24\" version=\"1.2\" baseProfile=\"tiny\"><path d=\"M18.2 9.3l-6.2-6.3-6.2 6.3c-.2.2-.3.4-.3.7s.1.5.3.7c.2.2.4.3.7.3h11c.3 0 .5-.1.7-.3.2-.2.3-.5.3-.7s-.1-.5-.3-.7zM5.8 14.7l6.2 6.3 6.2-6.3c.2-.2.3-.5.3-.7s-.1-.5-.3-.7c-.2-.2-.4-.3-.7-.3h-11c-.3 0-.5.1-.7.3-.2.2-.3.5-.3.7s.1.5.3.7z\"\/><\/svg><\/span><\/span><\/span><\/a><\/span><\/div>\n<nav><ul class='ez-toc-list ez-toc-list-level-1 ' ><li class='ez-toc-page-1 ez-toc-heading-level-2'><a class=\"ez-toc-link ez-toc-heading-1\" href=\"https:\/\/www.seguros-generales.es\/noticias\/2021\/10\/08\/periodo-de-carencia\/#%C2%BFQue_es_el_periodo_de_carencia_en_los_seguros\" >\u00bfQu\u00e9 es el per\u00edodo de carencia en los seguros?<\/a><\/li><li class='ez-toc-page-1 ez-toc-heading-level-2'><a class=\"ez-toc-link ez-toc-heading-2\" href=\"https:\/\/www.seguros-generales.es\/noticias\/2021\/10\/08\/periodo-de-carencia\/#%C2%BFPor_que_existe_el_periodo_de_carencia\" >\u00bfPor qu\u00e9 existe el per\u00edodo de carencia?<\/a><\/li><li class='ez-toc-page-1 ez-toc-heading-level-2'><a class=\"ez-toc-link ez-toc-heading-3\" href=\"https:\/\/www.seguros-generales.es\/noticias\/2021\/10\/08\/periodo-de-carencia\/#%C2%BFQue_sucede_con_las_emergencias_medicas\" >\u00bfQu\u00e9 sucede con las emergencias m\u00e9dicas?<\/a><\/li><\/ul><\/nav><\/div>\n<h2><span class=\"ez-toc-section\" id=\"%C2%BFQue_es_el_periodo_de_carencia_en_los_seguros\"><\/span>\u00bfQu\u00e9 es el per\u00edodo de carencia en los seguros?<span class=\"ez-toc-section-end\"><\/span><\/h2>\n<p>Es relativamente com\u00fan que nuestra p\u00f3liza disponga de un per\u00edodo de carencia. Pero, \u00bfQu\u00e9 significa esto? El <strong>tiempo de carencia<\/strong> es un lapso de tiempo en el que el asegurado no puede utilizar algunas coberturas de la p\u00f3liza.<\/p>\n<p>Se trata de una modalidad bastante com\u00fan en los <strong>seguros para embarazadas<\/strong> y en seguros de salud con coberturas de preexistencias. A menudo el per\u00edodo de carencia tiene un estimado de 30 d\u00edas en enfermedades simples.<\/p>\n<p>Mientras que puede tener un <strong>tiempo de carencia<\/strong> de 90 d\u00edas para enfermedades m\u00e1s complejas. A menudo esto aplica con las cirug\u00edas o con la rehabilitaci\u00f3n f\u00edsica. Este tema tiene mucha importancia en la selecci\u00f3n del seguro m\u00e9dico.<\/p>\n<h2><span class=\"ez-toc-section\" id=\"%C2%BFPor_que_existe_el_periodo_de_carencia\"><\/span>\u00bfPor qu\u00e9 existe el per\u00edodo de carencia?<span class=\"ez-toc-section-end\"><\/span><\/h2>\n<p>Es normal que el per\u00edodo de carencia te parezca como un obst\u00e1culo o una desventaja. Pero las aseguradoras se han esforzado por explicar el porqu\u00e9 de la incorporaci\u00f3n de esta condici\u00f3n.<\/p>\n<p>Y es que tras la contrataci\u00f3n de un <strong>seguro m\u00e9dico<\/strong>, la aseguradora debe validar el historial m\u00e9dico del asegurado. Por lo que esto puede demorar un poco, a causa de esto es necesario integrar el tiempo de carencia.<\/p>\n<h2><span class=\"ez-toc-section\" id=\"%C2%BFQue_sucede_con_las_emergencias_medicas\"><\/span>\u00bfQu\u00e9 sucede con las emergencias m\u00e9dicas?<span class=\"ez-toc-section-end\"><\/span><\/h2>\n<p>Muchas personas se preguntan qu\u00e9 sucede con las <strong>emergencias m\u00e9dicas<\/strong> en relaci\u00f3n al per\u00edodo de carencia. Debes saber que en casi todas las aseguradoras las urgencias no se incluyen en esta condici\u00f3n.<\/p>\n<p>Por lo que las <strong>urgencias m\u00e9dicas por enfermedad o por accidente<\/strong>, casi siempre est\u00e1n contempladas. As\u00ed que no hay de qu\u00e9 preocuparse al menos en lo que respecta a esta particularidad.<\/p>\n<p>Si quieres tener m\u00e1s comodidad al momento de utilizar tu <strong>seguro m\u00e9dico<\/strong> es importante que verifiques que la opci\u00f3n que selecciones disponga de un per\u00edodo de carencia limitado. Adem\u00e1s, no todas las aseguradoras imponen esta condici\u00f3n.<\/p>\n<p>Por lo que si en general no te parece l\u00f3gico esperar para utilizar algunas coberturas de tu seguro, no tienes que hacerlo. Pero tendr\u00e1s que localizar un servicio en donde no se contemple el tiempo de carencia.<\/p>\n<p>Finalmente, si decides contratar un <strong>seguro m\u00e9dico con per\u00edodo de carencia<\/strong> te recomendamos que verifiques de cu\u00e1nto tiempo se trata en cada cobertura. Esto te dar\u00e1 una perspectiva clara sobre tu p\u00f3liza, y te ayudar\u00e1 a entender sus alcances.<\/p>\n","protected":false},"excerpt":{"rendered":"<p>Seguramente te has preguntado, \u00bfQu\u00e9 es el per\u00edodo de carencia? En este post te contaremos c\u00f3mo funciona este t\u00e9rmino tan utilizado por las compa\u00f1\u00edas de seguros. Ya que suele causar confusi\u00f3n entre los contratantes de p\u00f3lizas. Asimismo, el t\u00e9rmino es bastante popular en seguros de salud. Y ya que este es uno de los productos [&hellip;]<\/p>\n","protected":false},"author":6,"featured_media":2131,"comment_status":"open","ping_status":"open","sticky":false,"template":"","format":"standard","meta":{"_et_pb_use_builder":"","_et_pb_old_content":"","_et_gb_content_width":"","footnotes":""},"categories":[34],"tags":[863,865,866,864,35],"class_list":["post-2130","post","type-post","status-publish","format-standard","has-post-thumbnail","hentry","category-seguros-de-salud","tag-periodo-de-carencia","tag-periodo-de-carencia-en-seguros","tag-periodo-de-carencia-en-seguros-medicos","tag-que-es-el-periodo-de-carencia","tag-seguros-de-salud"],"_links":{"self":[{"href":"https:\/\/www.seguros-generales.es\/noticias\/wp-json\/wp\/v2\/posts\/2130","targetHints":{"allow":["GET"]}}],"collection":[{"href":"https:\/\/www.seguros-generales.es\/noticias\/wp-json\/wp\/v2\/posts"}],"about":[{"href":"https:\/\/www.seguros-generales.es\/noticias\/wp-json\/wp\/v2\/types\/post"}],"author":[{"embeddable":true,"href":"https:\/\/www.seguros-generales.es\/noticias\/wp-json\/wp\/v2\/users\/6"}],"replies":[{"embeddable":true,"href":"https:\/\/www.seguros-generales.es\/noticias\/wp-json\/wp\/v2\/comments?post=2130"}],"version-history":[{"count":0,"href":"https:\/\/www.seguros-generales.es\/noticias\/wp-json\/wp\/v2\/posts\/2130\/revisions"}],"wp:featuredmedia":[{"embeddable":true,"href":"https:\/\/www.seguros-generales.es\/noticias\/wp-json\/wp\/v2\/media\/2131"}],"wp:attachment":[{"href":"https:\/\/www.seguros-generales.es\/noticias\/wp-json\/wp\/v2\/media?parent=2130"}],"wp:term":[{"taxonomy":"category","embeddable":true,"href":"https:\/\/www.seguros-generales.es\/noticias\/wp-json\/wp\/v2\/categories?post=2130"},{"taxonomy":"post_tag","embeddable":true,"href":"https:\/\/www.seguros-generales.es\/noticias\/wp-json\/wp\/v2\/tags?post=2130"}],"curies":[{"name":"wp","href":"https:\/\/api.w.org\/{rel}","templated":true}]}}