{"id":2361,"date":"2023-08-16T06:04:48","date_gmt":"2023-08-16T04:04:48","guid":{"rendered":"https:\/\/www.seguros-generales.es\/noticias\/?p=2361"},"modified":"2023-08-19T19:29:05","modified_gmt":"2023-08-19T17:29:05","slug":"incendio-en-candelaria","status":"publish","type":"post","link":"https:\/\/www.seguros-generales.es\/noticias\/2023\/08\/16\/incendio-en-candelaria\/","title":{"rendered":"\u00a1Arde Tenerife! Conoce detalles in\u00e9ditos del incendio en Candelaria"},"content":{"rendered":"<p>El caos se apoder\u00f3 del municipio de Candelaria en Tenerife el martes a las 23:51 horas. Lo que parec\u00eda ser un d\u00eda habitual termin\u00f3 sobresaltando a la poblaci\u00f3n con un <strong>conato de incendio.<\/strong><\/p>\n<p>Seg\u00fan varias fuentes oficiales, <strong>el fuego se origin\u00f3 en las cercan\u00edas de Chivisay<\/strong> y se extendi\u00f3 con gran rapidez. Tal fue el eco de esta noticia que varios usuarios comenzaron a comentar al respecto a trav\u00e9s de la red social Twitter.<\/p>\n<p>De hecho, Carlo Brusini, que es el profesional del sector tambi\u00e9n alert\u00f3 a la comunidad y sugiri\u00f3 tomar las medidas preventivas adecuadas para minimizar los da\u00f1os. Por otro lado, el fuego se divis\u00f3 tambi\u00e9n en los municipios de Guimar y Arafo.<\/p>\n<table>\n<tbody>\n<tr>\n<td width=\"566\"><strong>Post en tendencia: <a title=\"Seguro casa precio\" href=\"https:\/\/www.seguros-generales.es\/noticias\/2023\/05\/31\/seguro-casa-precio\/\">Seguro casa precio | An\u00e1lisis de 2 P\u00f3lizas muy completas<\/a><\/strong><\/td>\n<\/tr>\n<\/tbody>\n<\/table>\n<div id=\"ez-toc-container\" class=\"ez-toc-v2_0_82_2 counter-hierarchy ez-toc-counter ez-toc-grey ez-toc-container-direction\">\n<div class=\"ez-toc-title-container\">\n<p class=\"ez-toc-title\" style=\"cursor:inherit\">Table of Contents<\/p>\n<span class=\"ez-toc-title-toggle\"><a href=\"#\" class=\"ez-toc-pull-right ez-toc-btn ez-toc-btn-xs ez-toc-btn-default ez-toc-toggle\" aria-label=\"Alternar tabla de contenidos\"><span class=\"ez-toc-js-icon-con\"><span class=\"\"><span class=\"eztoc-hide\" style=\"display:none;\">Toggle<\/span><span class=\"ez-toc-icon-toggle-span\"><svg style=\"fill: #999;color:#999\" xmlns=\"http:\/\/www.w3.org\/2000\/svg\" class=\"list-377408\" width=\"20px\" height=\"20px\" viewBox=\"0 0 24 24\" fill=\"none\"><path d=\"M6 6H4v2h2V6zm14 0H8v2h12V6zM4 11h2v2H4v-2zm16 0H8v2h12v-2zM4 16h2v2H4v-2zm16 0H8v2h12v-2z\" fill=\"currentColor\"><\/path><\/svg><svg style=\"fill: #999;color:#999\" class=\"arrow-unsorted-368013\" xmlns=\"http:\/\/www.w3.org\/2000\/svg\" width=\"10px\" height=\"10px\" viewBox=\"0 0 24 24\" version=\"1.2\" baseProfile=\"tiny\"><path d=\"M18.2 9.3l-6.2-6.3-6.2 6.3c-.2.2-.3.4-.3.7s.1.5.3.7c.2.2.4.3.7.3h11c.3 0 .5-.1.7-.3.2-.2.3-.5.3-.7s-.1-.5-.3-.7zM5.8 14.7l6.2 6.3 6.2-6.3c.2-.2.3-.5.3-.7s-.1-.5-.3-.7c-.2-.2-.4-.3-.7-.3h-11c-.3 0-.5.1-.7.3-.2.2-.3.5-.3.7s.1.5.3.7z\"\/><\/svg><\/span><\/span><\/span><\/a><\/span><\/div>\n<nav><ul class='ez-toc-list ez-toc-list-level-1 ' ><li class='ez-toc-page-1 ez-toc-heading-level-2'><a class=\"ez-toc-link ez-toc-heading-1\" href=\"https:\/\/www.seguros-generales.es\/noticias\/2023\/08\/16\/incendio-en-candelaria\/#Medidas_preventivas_por_Incendio_en_Candelaria_Tenerife\" >Medidas preventivas por Incendio en Candelaria Tenerife<\/a><ul class='ez-toc-list-level-3' ><li class='ez-toc-heading-level-3'><a class=\"ez-toc-link ez-toc-heading-2\" href=\"https:\/\/www.seguros-generales.es\/noticias\/2023\/08\/16\/incendio-en-candelaria\/#Aparecio_un_conato_de_incendio_en_Galeria_del_Peral\" >Apareci\u00f3 un conato de incendio en Galer\u00eda del Peral<\/a><\/li><\/ul><\/li><li class='ez-toc-page-1 ez-toc-heading-level-2'><a class=\"ez-toc-link ez-toc-heading-3\" href=\"https:\/\/www.seguros-generales.es\/noticias\/2023\/08\/16\/incendio-en-candelaria\/#%C2%BFEsta_Tenerife_en_estado_de_Alerta_por_incendios\" >\u00bfEst\u00e1 Tenerife en estado de Alerta por incendios?<\/a><\/li><li class='ez-toc-page-1 ez-toc-heading-level-2'><a class=\"ez-toc-link ez-toc-heading-4\" href=\"https:\/\/www.seguros-generales.es\/noticias\/2023\/08\/16\/incendio-en-candelaria\/#%C2%BFPuede_un_seguro_de_hogar_cubrir_danos_por_incendio\" >\u00bfPuede un seguro de hogar cubrir da\u00f1os por incendio?<\/a><\/li><\/ul><\/nav><\/div>\n<h2><span class=\"ez-toc-section\" id=\"Medidas_preventivas_por_Incendio_en_Candelaria_Tenerife\"><\/span>Medidas preventivas por Incendio en Candelaria Tenerife<span class=\"ez-toc-section-end\"><\/span><\/h2>\n<p>Al poco tiempo de darse a conocer la noticia sobre el incendio en Candelaria, efectivos de medios de seguridad emprendieron las acciones correspondientes para disminuir los riesgos.<\/p>\n<p>De hecho, fuentes oficiales indicaron la posibilidad de <strong>emitir una evacuaci\u00f3n preventiva<\/strong> con la intenci\u00f3n de hacer frente a la situaci\u00f3n salvaguardando a la poblaci\u00f3n.<\/p>\n<p>Es propicio indicar que no es conveniente acudir a esta zona actualmente, por el contrario lo ideal es mantener extrema precauci\u00f3n. Y una vez normalizada la situaci\u00f3n, cesar\u00e1 el motivo de alerta.<\/p>\n<h3><span class=\"ez-toc-section\" id=\"Aparecio_un_conato_de_incendio_en_Galeria_del_Peral\"><\/span>Apareci\u00f3 un conato de incendio en Galer\u00eda del Peral<span class=\"ez-toc-section-end\"><\/span><\/h3>\n<p>El incendio en Candelaria no fue el \u00fanico foco de esta situaci\u00f3n, <strong>Tenerife tambi\u00e9n se vio afectado en la zona conocida como \u00abGaler\u00eda del Peral\u00bb. <\/strong><\/p>\n<p>Sin embargo, este foco de fuego pudo ser controlado con m\u00e1s rapidez hacia las 06:00 horas del martes 15 de agosto del presente a\u00f1o 2023.<\/p>\n<p>Gracias a los esfuerzos de la Brigada Forestal, se abord\u00f3 la situaci\u00f3n con las medidas preventivas, logrando minimizar los da\u00f1os sobre m\u00e1s de una hect\u00e1rea de sotobosque y pinar.<\/p>\n<p>En este mismo orden de ideas, los efectivos del grupo de <strong>bomberos de Tenerife lograron reducir peque\u00f1as formaciones de fuego<\/strong> o conatos de incendio en la zona de Cho Pancho.<\/p>\n<p>Fuentes oficiales tambi\u00e9n informaron que en la zona de San Miguel tambi\u00e9n se report\u00f3 un conato de incendio. Lo que demuestra que la zona de la Candelaria no fue la \u00fanica afectada.<\/p>\n<p>Asimismo, los bomberos detectaron el fuego a eso de la 01:45 horas y trabajaron con rapidez para evitar que las llamas se expandieran.<\/p>\n<h2><span class=\"ez-toc-section\" id=\"%C2%BFEsta_Tenerife_en_estado_de_Alerta_por_incendios\"><\/span>\u00bfEst\u00e1 Tenerife en estado de Alerta por incendios?<span class=\"ez-toc-section-end\"><\/span><\/h2>\n<p>Si bien es cierto que se avistaron varios conatos de incendio en algunas zonas de Tenerife, la situaci\u00f3n pudo ser controlada al paso de las horas.<\/p>\n<p>Se evidenci\u00f3 con rapidez los focos espec\u00edficos donde estaba el fuego, y esto permiti\u00f3 desplegar el control preventivo para reducir\u00a0 los riesgos en las zonas afectadas.<\/p>\n<h2><span class=\"ez-toc-section\" id=\"%C2%BFPuede_un_seguro_de_hogar_cubrir_danos_por_incendio\"><\/span>\u00bfPuede un seguro de hogar cubrir da\u00f1os por incendio?<span class=\"ez-toc-section-end\"><\/span><\/h2>\n<p>El incendio en Candelaria es solo una de la de las decenas de sucesos que ocurren de forma constante a lo largo del a\u00f1o. Y s\u00ed, un seguro de hogar puede cubrir los da\u00f1os producidos por el fuego.<\/p>\n<p>Al usar nuestro <strong><a title=\"comparador de seguros de hogar\" href=\"https:\/\/www.seguros-generales.es\/seguros-hogar.html\">comparador de seguros de hogar<\/a><\/strong> te puedes enterar acerca de las \u00faltimas novedades en este rubro.<\/p>\n","protected":false},"excerpt":{"rendered":"<p>El caos se apoder\u00f3 del municipio de Candelaria en Tenerife el martes a las 23:51 horas. Lo que parec\u00eda ser un d\u00eda habitual termin\u00f3 sobresaltando a la poblaci\u00f3n con un conato de incendio. Seg\u00fan varias fuentes oficiales, el fuego se origin\u00f3 en las cercan\u00edas de Chivisay y se extendi\u00f3 con gran rapidez. Tal fue el [&hellip;]<\/p>\n","protected":false},"author":6,"featured_media":2362,"comment_status":"open","ping_status":"open","sticky":false,"template":"","format":"standard","meta":{"_et_pb_use_builder":"","_et_pb_old_content":"","_et_gb_content_width":"","footnotes":""},"categories":[5],"tags":[1055,1056,1059,1058,1057],"class_list":["post-2361","post","type-post","status-publish","format-standard","has-post-thumbnail","hentry","category-noticias","tag-incendio-en-candelaria","tag-incendio-en-tenerife","tag-incendios-tenerife","tag-noticias-candelaria","tag-noticias-tenerife"],"_links":{"self":[{"href":"https:\/\/www.seguros-generales.es\/noticias\/wp-json\/wp\/v2\/posts\/2361","targetHints":{"allow":["GET"]}}],"collection":[{"href":"https:\/\/www.seguros-generales.es\/noticias\/wp-json\/wp\/v2\/posts"}],"about":[{"href":"https:\/\/www.seguros-generales.es\/noticias\/wp-json\/wp\/v2\/types\/post"}],"author":[{"embeddable":true,"href":"https:\/\/www.seguros-generales.es\/noticias\/wp-json\/wp\/v2\/users\/6"}],"replies":[{"embeddable":true,"href":"https:\/\/www.seguros-generales.es\/noticias\/wp-json\/wp\/v2\/comments?post=2361"}],"version-history":[{"count":1,"href":"https:\/\/www.seguros-generales.es\/noticias\/wp-json\/wp\/v2\/posts\/2361\/revisions"}],"predecessor-version":[{"id":2363,"href":"https:\/\/www.seguros-generales.es\/noticias\/wp-json\/wp\/v2\/posts\/2361\/revisions\/2363"}],"wp:featuredmedia":[{"embeddable":true,"href":"https:\/\/www.seguros-generales.es\/noticias\/wp-json\/wp\/v2\/media\/2362"}],"wp:attachment":[{"href":"https:\/\/www.seguros-generales.es\/noticias\/wp-json\/wp\/v2\/media?parent=2361"}],"wp:term":[{"taxonomy":"category","embeddable":true,"href":"https:\/\/www.seguros-generales.es\/noticias\/wp-json\/wp\/v2\/categories?post=2361"},{"taxonomy":"post_tag","embeddable":true,"href":"https:\/\/www.seguros-generales.es\/noticias\/wp-json\/wp\/v2\/tags?post=2361"}],"curies":[{"name":"wp","href":"https:\/\/api.w.org\/{rel}","templated":true}]}}