{"id":2761,"date":"2023-10-20T03:08:40","date_gmt":"2023-10-20T01:08:40","guid":{"rendered":"https:\/\/www.seguros-generales.es\/noticias\/?p=2761"},"modified":"2023-10-20T03:08:40","modified_gmt":"2023-10-20T01:08:40","slug":"alerta-terrorista-5","status":"publish","type":"post","link":"https:\/\/www.seguros-generales.es\/noticias\/2023\/10\/20\/alerta-terrorista-5\/","title":{"rendered":"Todo sobre la alerta terrorista 5 en Espa\u00f1a"},"content":{"rendered":"<p>La alerta terrorista 5 ha llamado la atenci\u00f3n de cientos de miles de usuarios en internet. Pero, \u00bfEn qu\u00e9 consiste esta alerta y <strong>cu\u00e1l es el estado real de Espa\u00f1a en la actualidad<\/strong>? Vamos a analizar esto en detalle en el siguiente post.<\/p>\n<p>Este mi\u00e9rcoles el ministro de Interior en Funciones, Fernando Grande-Marlaska indic\u00f3 que el nivel de alerta antiterrorista actual en Espa\u00f1a es de 4 sobre 5. Y aunque ha sido muy sonado esto de la alerta 5, <strong>la realidad es que no se ha llegado a esa posici\u00f3n.<\/strong><\/p>\n<p>El ministro tambi\u00e9n indic\u00f3 que se encargar\u00e1n de reforzar operativos de vigilancia sobre \u00abobjetivos sensibles\u00bb. Espa\u00f1a ha sido afectada por el terrorismo desde hace varios a\u00f1os, con episodios muy dantescos.<\/p>\n<table style=\"width: 93.6626%; height: 61px;\">\n<tbody>\n<tr>\n<td width=\"566\"><strong>Noticias en Tendencia: <\/strong><a title=\"Seguro obligatorio perros\" href=\"https:\/\/www.seguros-generales.es\/noticias\/2023\/08\/31\/seguro-obligatorio-de-perros\/\" target=\"_blank\" rel=\"noopener\"><strong>Seguro obligatorio para TODOS los perros a partir del 29 de Septiembre de 2023<\/strong><\/a><\/td>\n<\/tr>\n<\/tbody>\n<\/table>\n<p>Hoy en d\u00eda, los organismos de seguridad aumentan sus protocolos y agudizan sus sentidos en pro de mantener la protecci\u00f3n de sus espacios. Pero, \u00bfDe d\u00f3nde ha venido esta alerta? A grandes rasgos del conflicto entre Israel y Palestina, descubre los detalles.<\/p>\n<div id=\"ez-toc-container\" class=\"ez-toc-v2_0_82_2 counter-hierarchy ez-toc-counter ez-toc-grey ez-toc-container-direction\">\n<div class=\"ez-toc-title-container\">\n<p class=\"ez-toc-title\" style=\"cursor:inherit\">Table of Contents<\/p>\n<span class=\"ez-toc-title-toggle\"><a href=\"#\" class=\"ez-toc-pull-right ez-toc-btn ez-toc-btn-xs ez-toc-btn-default ez-toc-toggle\" aria-label=\"Alternar tabla de contenidos\"><span class=\"ez-toc-js-icon-con\"><span class=\"\"><span class=\"eztoc-hide\" style=\"display:none;\">Toggle<\/span><span class=\"ez-toc-icon-toggle-span\"><svg style=\"fill: #999;color:#999\" xmlns=\"http:\/\/www.w3.org\/2000\/svg\" class=\"list-377408\" width=\"20px\" height=\"20px\" viewBox=\"0 0 24 24\" fill=\"none\"><path d=\"M6 6H4v2h2V6zm14 0H8v2h12V6zM4 11h2v2H4v-2zm16 0H8v2h12v-2zM4 16h2v2H4v-2zm16 0H8v2h12v-2z\" fill=\"currentColor\"><\/path><\/svg><svg style=\"fill: #999;color:#999\" class=\"arrow-unsorted-368013\" xmlns=\"http:\/\/www.w3.org\/2000\/svg\" width=\"10px\" height=\"10px\" viewBox=\"0 0 24 24\" version=\"1.2\" baseProfile=\"tiny\"><path d=\"M18.2 9.3l-6.2-6.3-6.2 6.3c-.2.2-.3.4-.3.7s.1.5.3.7c.2.2.4.3.7.3h11c.3 0 .5-.1.7-.3.2-.2.3-.5.3-.7s-.1-.5-.3-.7zM5.8 14.7l6.2 6.3 6.2-6.3c.2-.2.3-.5.3-.7s-.1-.5-.3-.7c-.2-.2-.4-.3-.7-.3h-11c-.3 0-.5.1-.7.3-.2.2-.3.5-.3.7s.1.5.3.7z\"\/><\/svg><\/span><\/span><\/span><\/a><\/span><\/div>\n<nav><ul class='ez-toc-list ez-toc-list-level-1 ' ><li class='ez-toc-page-1 ez-toc-heading-level-2'><a class=\"ez-toc-link ez-toc-heading-1\" href=\"https:\/\/www.seguros-generales.es\/noticias\/2023\/10\/20\/alerta-terrorista-5\/#%C2%BFLa_alerta_terrorista_5_es_oficial_en_Espana\" >\u00bfLa alerta terrorista 5 es oficial en Espa\u00f1a?<\/a><ul class='ez-toc-list-level-3' ><li class='ez-toc-heading-level-3'><a class=\"ez-toc-link ez-toc-heading-2\" href=\"https:\/\/www.seguros-generales.es\/noticias\/2023\/10\/20\/alerta-terrorista-5\/#%C2%BFEn_que_consiste_la_alerta_terrorista_5\" >\u00bfEn qu\u00e9 consiste la alerta terrorista 5?<\/a><\/li><\/ul><\/li><li class='ez-toc-page-1 ez-toc-heading-level-2'><a class=\"ez-toc-link ez-toc-heading-3\" href=\"https:\/\/www.seguros-generales.es\/noticias\/2023\/10\/20\/alerta-terrorista-5\/#Los_Ataques_Terroristas_en_Espana_a_lo_Largo_del_Tiempo\" >Los Ataques Terroristas en Espa\u00f1a a lo Largo del Tiempo<\/a><ul class='ez-toc-list-level-3' ><li class='ez-toc-heading-level-3'><a class=\"ez-toc-link ez-toc-heading-4\" href=\"https:\/\/www.seguros-generales.es\/noticias\/2023\/10\/20\/alerta-terrorista-5\/#1_ETA_La_sombra_del_terror_en_el_Pais_Vasco_y_Espana\" >1. ETA: La sombra del terror en el Pa\u00eds Vasco y Espa\u00f1a<\/a><\/li><li class='ez-toc-page-1 ez-toc-heading-level-3'><a class=\"ez-toc-link ez-toc-heading-5\" href=\"https:\/\/www.seguros-generales.es\/noticias\/2023\/10\/20\/alerta-terrorista-5\/#2_El_Yihadismo_Un_nuevo_enemigo\" >2. El Yihadismo: Un nuevo enemigo<\/a><\/li><\/ul><\/li><li class='ez-toc-page-1 ez-toc-heading-level-2'><a class=\"ez-toc-link ez-toc-heading-6\" href=\"https:\/\/www.seguros-generales.es\/noticias\/2023\/10\/20\/alerta-terrorista-5\/#%C2%BFEs_la_alerta_terrorista_5_una_posibilidad\" >\u00bfEs la alerta terrorista 5 una posibilidad?<\/a><\/li><\/ul><\/nav><\/div>\n<h2><span class=\"ez-toc-section\" id=\"%C2%BFLa_alerta_terrorista_5_es_oficial_en_Espana\"><\/span><strong>\u00bfLa alerta terrorista 5 es oficial en Espa\u00f1a?<\/strong><span class=\"ez-toc-section-end\"><\/span><\/h2>\n<p>El ministro destac\u00f3 que no es oficial la llegada de la alerta terrorista 5 en Espa\u00f1a, pero se posiciona en cuatro puntos, un rango no muy lejos de esa otra perspectiva mucho m\u00e1s complicada.<\/p>\n<p>Todo esto tiene que ver con el inicio del suceso hist\u00f3rico de los <strong>conflictos entre Israel y Palestina<\/strong>, ocurre que esto se hab\u00eda presentado a\u00f1os antes. Actualmente han sucedido algunos hechos como el asesinato de un profesor en Francia o de dos ciudadanos de Suecia en Bruselas.<\/p>\n<h3><span class=\"ez-toc-section\" id=\"%C2%BFEn_que_consiste_la_alerta_terrorista_5\"><\/span><strong>\u00bfEn qu\u00e9 consiste la alerta terrorista 5?<\/strong><span class=\"ez-toc-section-end\"><\/span><\/h3>\n<p>Lo primero que debes tener en cuenta es la existencia del Nivel de Alerta Antiterrorista (NAA), se trata de una escala que dispone de cinco niveles, cada uno de estos niveles se asocia con un rango de riesgo que va de la siguiente manera:<\/p>\n<ul>\n<li><strong>Nivel 1:<\/strong> riesgo bajo.<\/li>\n<li><strong>Nivel 2:<\/strong> riesgo moderado.<\/li>\n<li><strong>Nivel 3:<\/strong> riesgo medio.<\/li>\n<li><strong>Nivel 4:<\/strong> riesgo alto.<\/li>\n<li><strong>Nivel 5:<\/strong> riesgo muy alto.<\/li>\n<\/ul>\n<p>El Ministro de Interior es quien tiene la potestad como para dar inicio a este tipo de anuncios, y lo hace por medio de la Secretaria de Estado de Seguridad. Por eso es quien puede aclarar todas las dudas sobre la alerta terrorista 5.<\/p>\n<p>Desde el a\u00f1o 2005 en Espa\u00f1a comenz\u00f3 a activarse esta escala de <strong>Niveles de Alerta Antiterrorista<\/strong>, conocida como el Plan de Prevenci\u00f3n y Protecci\u00f3n Antiterrorista de 9 de marzo de dicho a\u00f1o. Inicialmente la escala solo dispon\u00eda de tres niveles, y fue hacia el a\u00f1o 2015 cuando se recomend\u00f3 mantener a cinco niveles y mejorar las medidas que se ten\u00edan desde entonces.<\/p>\n<table>\n<tbody>\n<tr>\n<td width=\"566\">Usa el <strong><a href=\"https:\/\/www.seguros-generales.es\/seguros-salud.html\">comparador de seguros de salud<\/a><\/strong> y consigue la mejor opci\u00f3n para el respaldo de tus seres queridos.<\/td>\n<\/tr>\n<\/tbody>\n<\/table>\n<p>En junio de 2015 Espa\u00f1a alcanz\u00f3 por vez primera el nivel 4 de alerta antiterrorista. Y en la actualidad se registraron ataques de este tipo en zonas como Francia, T\u00fanez, Kuwait e incluso en Somalia.<\/p>\n<p>La existencia de un nivel 4 supone una necesidad de ir reforzando los medios de protecci\u00f3n y de vigilancia al m\u00e1ximo, as\u00ed como aumentando medidas antiterroristas bajo el mando de las Fuerzas y Cuerpos de Seguridad estatales.<\/p>\n<h2><span class=\"ez-toc-section\" id=\"Los_Ataques_Terroristas_en_Espana_a_lo_Largo_del_Tiempo\"><\/span><strong>Los Ataques Terroristas en Espa\u00f1a a lo Largo del Tiempo<\/strong><span class=\"ez-toc-section-end\"><\/span><\/h2>\n<p>A lo largo de su historia contempor\u00e1nea, Espa\u00f1a ha sido v\u00edctima de diferentes ataques terroristas, llevados a cabo principalmente por dos organizaciones: ETA y el yihadismo. Estos eventos han dejado profundas cicatrices en el tejido social espa\u00f1ol, llevando al pa\u00eds a adoptar medidas y pol\u00edticas espec\u00edficas para combatir el terrorismo.<\/p>\n<h3><span class=\"ez-toc-section\" id=\"1_ETA_La_sombra_del_terror_en_el_Pais_Vasco_y_Espana\"><\/span><strong>1. ETA: La sombra del terror en el Pa\u00eds Vasco y Espa\u00f1a<\/strong><span class=\"ez-toc-section-end\"><\/span><\/h3>\n<p>Fundada en 1959, ETA (Euskadi Ta Askatasuna) emergi\u00f3 con la intenci\u00f3n de luchar por la independencia del Pa\u00eds Vasco. Durante m\u00e1s de 40 a\u00f1os, esta organizaci\u00f3n llev\u00f3 a cabo ataques, asesinatos, secuestros y extorsiones, causando la muerte de m\u00e1s de 800 personas.<\/p>\n<p><strong>Uno de los ataques m\u00e1s sangrientos de ETA tuvo lugar en 1987<\/strong> en un supermercado Hipercor en Barcelona, donde murieron 21 personas y m\u00e1s de 40 resultaron heridas debido a una bomba colocada en el estacionamiento.<\/p>\n<p>Otro ataque significativo fue el asesinato del pol\u00edtico Miguel \u00c1ngel Blanco en 1997, un evento que galvaniz\u00f3 a la sociedad espa\u00f1ola en contra de ETA y gener\u00f3 masivas manifestaciones pidiendo el fin de la violencia. Afortunadamente, despu\u00e9s de a\u00f1os de acci\u00f3n policial y rechazo social, ETA anunci\u00f3 un alto el fuego permanente en 2011, y finalmente se disolvi\u00f3 en 2018, poniendo fin a su campa\u00f1a de terror.<\/p>\n<h3><span class=\"ez-toc-section\" id=\"2_El_Yihadismo_Un_nuevo_enemigo\"><\/span><strong>2. El Yihadismo: Un nuevo enemigo<\/strong><span class=\"ez-toc-section-end\"><\/span><\/h3>\n<p>En el nuevo milenio, Espa\u00f1a, al igual que otros pa\u00edses europeos, se enfrent\u00f3 a la amenaza del terrorismo yihadista. El ataque m\u00e1s devastador tuvo lugar el 11 de marzo de 2004, cuando trenes de cercan\u00edas en Madrid fueron objeto de un atentado coordinado con bombas. El saldo fue de 191 muertos y cerca de 2.000 heridos, convirti\u00e9ndolo en el peor ataque terrorista en la historia de Espa\u00f1a.<\/p>\n<p>El grupo que reclam\u00f3 la <strong>responsabilidad afirm\u00f3 estar actuando en nombre de Al-Qaeda,<\/strong> y mencionaron la participaci\u00f3n de Espa\u00f1a en la invasi\u00f3n de Iraq como una de las razones del ataque. Este evento cambi\u00f3 la pol\u00edtica exterior de Espa\u00f1a y llev\u00f3 a una mayor cooperaci\u00f3n internacional en la lucha contra el terrorismo.<\/p>\n<p>M\u00e1s recientemente, en 2017, Barcelona fue v\u00edctima de otro ataque yihadista. Una furgoneta embisti\u00f3 a peatones en la popular Rambla de Barcelona, dejando 16 muertos y m\u00e1s de 100 heridos. El grupo Estado Isl\u00e1mico reclam\u00f3 la responsabilidad de este atentado.<\/p>\n<p><a href=\"https:\/\/www.seguros-generales.es\/seguros-hogar.html\" target=\"_blank\" rel=\"noopener\"><img loading=\"lazy\" decoding=\"async\" class=\"aligncenter wp-image-2558 size-full\" title=\"comparador de seguros generales\" src=\"https:\/\/www.seguros-generales.es\/noticias\/wp-content\/uploads\/2021\/03\/seguro-bannet.jpg\" alt=\"\" width=\"1222\" height=\"600\" srcset=\"https:\/\/www.seguros-generales.es\/noticias\/wp-content\/uploads\/2021\/03\/seguro-bannet.jpg 1222w, https:\/\/www.seguros-generales.es\/noticias\/wp-content\/uploads\/2021\/03\/seguro-bannet-980x481.jpg 980w, https:\/\/www.seguros-generales.es\/noticias\/wp-content\/uploads\/2021\/03\/seguro-bannet-480x236.jpg 480w\" sizes=\"(min-width: 0px) and (max-width: 480px) 480px, (min-width: 481px) and (max-width: 980px) 980px, (min-width: 981px) 1222px, 100vw\" \/><\/a><\/p>\n<h2><span class=\"ez-toc-section\" id=\"%C2%BFEs_la_alerta_terrorista_5_una_posibilidad\"><\/span><strong>\u00bfEs la alerta terrorista 5 una posibilidad?<\/strong><span class=\"ez-toc-section-end\"><\/span><\/h2>\n<p>La historia de Espa\u00f1a en relaci\u00f3n con el terrorismo ha sido dolorosa y compleja. Desde la amenaza interna de ETA hasta la m\u00e1s global del yihadismo, el pa\u00eds ha tenido que adaptarse y evolucionar en su lucha contra estas amenazas. La sociedad espa\u00f1ola ha mostrado una notable resiliencia y unidad frente a estos desaf\u00edos, con multitudinarias manifestaciones y actos de solidaridad.<\/p>\n<p>Es esencial recordar estos eventos, no solo como una muestra del dolor y la p\u00e9rdida, sino tambi\u00e9n como un testimonio de la fortaleza y la determinaci\u00f3n del pueblo espa\u00f1ol para superar momentos oscuros y <strong>trabajar hacia un futuro de paz y seguridad.<\/strong><\/p>\n","protected":false},"excerpt":{"rendered":"<p>La alerta terrorista 5 ha llamado la atenci\u00f3n de cientos de miles de usuarios en internet. Pero, \u00bfEn qu\u00e9 consiste esta alerta y cu\u00e1l es el estado real de Espa\u00f1a en la actualidad? Vamos a analizar esto en detalle en el siguiente post. Este mi\u00e9rcoles el ministro de Interior en Funciones, Fernando Grande-Marlaska indic\u00f3 que [&hellip;]<\/p>\n","protected":false},"author":6,"featured_media":2762,"comment_status":"open","ping_status":"open","sticky":false,"template":"","format":"standard","meta":{"_et_pb_use_builder":"","_et_pb_old_content":"","_et_gb_content_width":"","footnotes":""},"categories":[5],"tags":[1357,1354,1355,1356,1359,1358],"class_list":["post-2761","post","type-post","status-publish","format-standard","has-post-thumbnail","hentry","category-noticias","tag-alerta-5-terrorismo","tag-alerta-atentados-espana","tag-alerta-terrorista-5","tag-nivel-5-alerta-terrorista-espana","tag-nivel-de-alerta-terrorista-madrid","tag-terrorismo-alerta"],"_links":{"self":[{"href":"https:\/\/www.seguros-generales.es\/noticias\/wp-json\/wp\/v2\/posts\/2761","targetHints":{"allow":["GET"]}}],"collection":[{"href":"https:\/\/www.seguros-generales.es\/noticias\/wp-json\/wp\/v2\/posts"}],"about":[{"href":"https:\/\/www.seguros-generales.es\/noticias\/wp-json\/wp\/v2\/types\/post"}],"author":[{"embeddable":true,"href":"https:\/\/www.seguros-generales.es\/noticias\/wp-json\/wp\/v2\/users\/6"}],"replies":[{"embeddable":true,"href":"https:\/\/www.seguros-generales.es\/noticias\/wp-json\/wp\/v2\/comments?post=2761"}],"version-history":[{"count":2,"href":"https:\/\/www.seguros-generales.es\/noticias\/wp-json\/wp\/v2\/posts\/2761\/revisions"}],"predecessor-version":[{"id":2764,"href":"https:\/\/www.seguros-generales.es\/noticias\/wp-json\/wp\/v2\/posts\/2761\/revisions\/2764"}],"wp:featuredmedia":[{"embeddable":true,"href":"https:\/\/www.seguros-generales.es\/noticias\/wp-json\/wp\/v2\/media\/2762"}],"wp:attachment":[{"href":"https:\/\/www.seguros-generales.es\/noticias\/wp-json\/wp\/v2\/media?parent=2761"}],"wp:term":[{"taxonomy":"category","embeddable":true,"href":"https:\/\/www.seguros-generales.es\/noticias\/wp-json\/wp\/v2\/categories?post=2761"},{"taxonomy":"post_tag","embeddable":true,"href":"https:\/\/www.seguros-generales.es\/noticias\/wp-json\/wp\/v2\/tags?post=2761"}],"curies":[{"name":"wp","href":"https:\/\/api.w.org\/{rel}","templated":true}]}}