{"id":3390,"date":"2024-11-01T04:36:11","date_gmt":"2024-11-01T02:36:11","guid":{"rendered":"https:\/\/www.seguros-generales.es\/noticias\/?p=3390"},"modified":"2024-11-01T04:36:11","modified_gmt":"2024-11-01T02:36:11","slug":"cuantos-muertos-hay-en-valencia-por-la-dana","status":"publish","type":"post","link":"https:\/\/www.seguros-generales.es\/noticias\/2024\/11\/01\/cuantos-muertos-hay-en-valencia-por-la-dana\/","title":{"rendered":"\u00bfCu\u00e1ntos muertos hay en Valencia por la DANA?"},"content":{"rendered":"<p><span style=\"font-weight: 400;\">Desafortunadamente muchos titulares de prensa se suman para conocer <\/span><b>cu\u00e1ntos muertos hay en Valencia por la DANA<\/b><span style=\"font-weight: 400;\">, una noticia desgarradora que ha enlutado considerablemente al pa\u00eds. Al menos 155 son los fallecidos que las autoridades han confirmado.<\/span><\/p>\n<p><span style=\"font-weight: 400;\">Adem\u00e1s, hay decenas de carreteras afectadas por la terrible inundaci\u00f3n y los organismos de salud solicitan impedir el tr\u00e1fico para salvaguardar todas las vidas posibles. Han sido tomadas otras medidas como <\/span><b>la suspensi\u00f3n de clases en C\u00e1diz en m\u00e1s de 37 colegios<\/b><span style=\"font-weight: 400;\"> por la DANA.<\/span><\/p>\n<p><span style=\"font-weight: 400;\">Muchas noticias dif\u00edciles han surgido en las \u00faltimas horas. Por ejemplo, en el barrio de La Torre en la capital valenciana <\/span><b>se encontraron ocho fallecidos en un garaje<\/b><span style=\"font-weight: 400;\">, todo esto luego de las fuertes inundaciones.<\/span><\/p>\n<table>\n<tbody>\n<tr>\n<td><b>Post en tendencia: <\/b><a title=\"Accidente Caldes de Montbui\" href=\"https:\/\/www.seguros-generales.es\/noticias\/2024\/10\/12\/accidente-caldes-de-montbui\/\" target=\"_blank\" rel=\"noopener\"><b>Accidente Caldes de Montbui fue provocado por una conductora ebria<\/b><\/a><\/td>\n<\/tr>\n<\/tbody>\n<\/table>\n<h2><\/h2>\n<div id=\"ez-toc-container\" class=\"ez-toc-v2_0_82_2 counter-hierarchy ez-toc-counter ez-toc-grey ez-toc-container-direction\">\n<div class=\"ez-toc-title-container\">\n<p class=\"ez-toc-title\" style=\"cursor:inherit\">Table of Contents<\/p>\n<span class=\"ez-toc-title-toggle\"><a href=\"#\" class=\"ez-toc-pull-right ez-toc-btn ez-toc-btn-xs ez-toc-btn-default ez-toc-toggle\" aria-label=\"Alternar tabla de contenidos\"><span class=\"ez-toc-js-icon-con\"><span class=\"\"><span class=\"eztoc-hide\" style=\"display:none;\">Toggle<\/span><span class=\"ez-toc-icon-toggle-span\"><svg style=\"fill: #999;color:#999\" xmlns=\"http:\/\/www.w3.org\/2000\/svg\" class=\"list-377408\" width=\"20px\" height=\"20px\" viewBox=\"0 0 24 24\" fill=\"none\"><path d=\"M6 6H4v2h2V6zm14 0H8v2h12V6zM4 11h2v2H4v-2zm16 0H8v2h12v-2zM4 16h2v2H4v-2zm16 0H8v2h12v-2z\" fill=\"currentColor\"><\/path><\/svg><svg style=\"fill: #999;color:#999\" class=\"arrow-unsorted-368013\" xmlns=\"http:\/\/www.w3.org\/2000\/svg\" width=\"10px\" height=\"10px\" viewBox=\"0 0 24 24\" version=\"1.2\" baseProfile=\"tiny\"><path d=\"M18.2 9.3l-6.2-6.3-6.2 6.3c-.2.2-.3.4-.3.7s.1.5.3.7c.2.2.4.3.7.3h11c.3 0 .5-.1.7-.3.2-.2.3-.5.3-.7s-.1-.5-.3-.7zM5.8 14.7l6.2 6.3 6.2-6.3c.2-.2.3-.5.3-.7s-.1-.5-.3-.7c-.2-.2-.4-.3-.7-.3h-11c-.3 0-.5.1-.7.3-.2.2-.3.5-.3.7s.1.5.3.7z\"\/><\/svg><\/span><\/span><\/span><\/a><\/span><\/div>\n<nav><ul class='ez-toc-list ez-toc-list-level-1 ' ><li class='ez-toc-page-1 ez-toc-heading-level-2'><a class=\"ez-toc-link ez-toc-heading-1\" href=\"https:\/\/www.seguros-generales.es\/noticias\/2024\/11\/01\/cuantos-muertos-hay-en-valencia-por-la-dana\/#%C2%BFCuantos_muertos_hay_en_Valencia_por_la_DANA\" >\u00bfCu\u00e1ntos muertos hay en Valencia por la DANA?<\/a><\/li><li class='ez-toc-page-1 ez-toc-heading-level-2'><a class=\"ez-toc-link ez-toc-heading-2\" href=\"https:\/\/www.seguros-generales.es\/noticias\/2024\/11\/01\/cuantos-muertos-hay-en-valencia-por-la-dana\/#Hay_cientos_de_desaparecidos_por_la_DANA\" >Hay cientos de desaparecidos por la DANA<\/a><\/li><\/ul><\/nav><\/div>\n<h2><span class=\"ez-toc-section\" id=\"%C2%BFCuantos_muertos_hay_en_Valencia_por_la_DANA\"><\/span><span style=\"color: #ff6600;\"><b>\u00bfCu\u00e1ntos muertos hay en Valencia por la DANA?<\/b><\/span><span class=\"ez-toc-section-end\"><\/span><\/h2>\n<p><span style=\"font-weight: 400;\">Seg\u00fan reportes del ministro de Pol\u00edtica Territorial, <\/span><b>se han contabilizado m\u00e1s de 155 personas fallecidas<\/b><span style=\"font-weight: 400;\"> por efecto de la DANA. Asimismo, hay decenas de personas desaparecidas que en este momento est\u00e1n siendo buscadas por las autoridades.\u00a0<\/span><\/p>\n<p><b>En las zonas m\u00e1s afectadas hay cerca de 1.200 efectivos<\/b><span style=\"font-weight: 400;\"> y se espera que para ma\u00f1ana se integren otros 500 militares. Esto con la intenci\u00f3n de aumentar los esfuerzos de las b\u00fasquedas de los desaparecidos por la DANA.<\/span><\/p>\n<p><a href=\"https:\/\/www.seguros-generales.es\/seguros-salud.html\" target=\"_blank\" rel=\"noopener\"><img loading=\"lazy\" decoding=\"async\" class=\"aligncenter wp-image-3369 size-full\" title=\"Comparador de seguros de salud\" src=\"https:\/\/www.seguros-generales.es\/noticias\/wp-content\/uploads\/2024\/08\/PARA-POST-SALUD.png\" alt=\"Comparador de seguros de salud\" width=\"600\" height=\"200\" srcset=\"https:\/\/www.seguros-generales.es\/noticias\/wp-content\/uploads\/2024\/08\/PARA-POST-SALUD.png 600w, https:\/\/www.seguros-generales.es\/noticias\/wp-content\/uploads\/2024\/08\/PARA-POST-SALUD-480x160.png 480w\" sizes=\"(min-width: 0px) and (max-width: 480px) 480px, (min-width: 481px) 600px, 100vw\" \/><\/a><\/p>\n<p><span style=\"font-weight: 400;\">La magnitud de los sedimentos que fueron arrastrados por la lluvia <\/span><b>crearon destrozos estructurales en propiedades p\u00fablicas y privadas.<\/b><span style=\"font-weight: 400;\"> Por otro lado, hay cientos de veh\u00edculos accidentados que tambi\u00e9n dificultan el libre paso.<\/span><\/p>\n<p><span style=\"font-weight: 400;\">Por su parte, los esfuerzos en seguridad se han desplegado m\u00e1s all\u00e1 de las zonas principalmente afectadas. Por ejemplo, en Catalu\u00f1a se inform\u00f3 en tres provincias al sur que eviten desplazarse, mientras que C\u00e1diz es de las zonas m\u00e1s afectadas.\u00a0<\/span><\/p>\n<table>\n<tbody>\n<tr>\n<td>\n<p style=\"text-align: center;\"><span style=\"font-weight: 400;\">\u00bfQuieres obtener un respaldo y protecci\u00f3n ante riesgos? \u00a1Conseguimos la mejor opci\u00f3n para ti! Usa el <\/span><a title=\"comparador de seguros de hogar\" href=\"https:\/\/www.seguros-generales.es\/seguros-hogar.html\" target=\"_blank\" rel=\"noopener\"><b>comparador de seguros de hogar<\/b><\/a><span style=\"font-weight: 400;\"> gratis.<\/span><\/p>\n<\/td>\n<\/tr>\n<\/tbody>\n<\/table>\n<p>&nbsp;<\/p>\n<h2><span class=\"ez-toc-section\" id=\"Hay_cientos_de_desaparecidos_por_la_DANA\"><\/span><span style=\"color: #ff6600;\"><b>Hay cientos de desaparecidos por la DANA<\/b><\/span><span class=\"ez-toc-section-end\"><\/span><\/h2>\n<p><span style=\"font-weight: 400;\">El Gobierno de Espa\u00f1a ha pedido <\/span><b>decretar tres d\u00edas de luto oficial<\/b><span style=\"font-weight: 400;\"> y buscan reforzar las medidas de seguridad a causa de los efectos de la DANA. Hay un sinf\u00edn de relatos desgarradores que muestran la magnitud de este hecho.<\/span><\/p>\n<p><span style=\"font-weight: 400;\">Jos\u00e9 Luis Mar\u00edn el due\u00f1o de los colegios Mas Camarena, Vicente Taranc\u00f3n due\u00f1o de la firma textil Luanvi, Miguel Burdeos perteneciente a la empresa Bosque Verde, son algunos de los que figuran en la lista de los desaparecidos por los efectos de la DANA.<\/span><\/p>\n<table>\n<tbody>\n<tr>\n<td><b>Post en tendencia: <\/b><a title=\"10 pueblos m\u00e1s bonitos del Pirineo Aragon\u00e9s\" href=\"https:\/\/dygav.es\/post\/10-pueblos-mas-bonitos-del-pirineo-aragones\" target=\"_blank\" rel=\"noopener\"><b>Los 10 pueblos m\u00e1s bonitos del Pirineo Aragon\u00e9s + Itinerario<\/b><\/a><\/td>\n<\/tr>\n<\/tbody>\n<\/table>\n<p><span style=\"font-weight: 400;\">Al consultar <\/span><b>cu\u00e1ntos muertos hay en Valencia por la Dana<\/b><span style=\"font-weight: 400;\"> se tiene una cifra mucho m\u00e1s clara. Sin embargo, el panorama es menos preciso en cuanto a la cantidad de personas desaparecidas.<\/span><\/p>\n<p><span style=\"font-weight: 400;\">Y siguen las complicaciones debido a que<\/span><b> hay comunidades como Sot de Chera donde el riesgo es inminente<\/b><span style=\"font-weight: 400;\"> por los efectos de la DANA. En este caso se debe al peligro por el desbordamiento de un embalse que queda muy cercano a la zona.\u00a0<\/span><\/p>\n<p><img loading=\"lazy\" decoding=\"async\" class=\"aligncenter wp-image-3392 size-full\" title=\"\u00bfCu\u00e1ntos muertos hay en Valencia por la DANA? \" src=\"https:\/\/www.seguros-generales.es\/noticias\/wp-content\/uploads\/2024\/11\/lluvias-dana.jpg\" alt=\"\u00bfCu\u00e1ntos muertos hay en Valencia por la DANA? \n\" width=\"749\" height=\"487\" srcset=\"https:\/\/www.seguros-generales.es\/noticias\/wp-content\/uploads\/2024\/11\/lluvias-dana.jpg 749w, https:\/\/www.seguros-generales.es\/noticias\/wp-content\/uploads\/2024\/11\/lluvias-dana-480x312.jpg 480w\" sizes=\"(min-width: 0px) and (max-width: 480px) 480px, (min-width: 481px) 749px, 100vw\" \/><\/p>\n<p><span style=\"font-weight: 400;\">Desde <\/span><a title=\"Seguros-Generales\" href=\"https:\/\/www.seguros-generales.es\/\" target=\"_blank\" rel=\"noopener\"><b>Seguros-Generales<\/b><\/a><span style=\"font-weight: 400;\"> nos unimos profundamente al duelo por lo ocurrido en la comunidad valenciana. Esperamos que pronto surjan acontecimientos positivos como el reencuentro de los desaparecidos con sus seres queridos.\u00a0<\/span><\/p>\n","protected":false},"excerpt":{"rendered":"<p>Desafortunadamente muchos titulares de prensa se suman para conocer cu\u00e1ntos muertos hay en Valencia por la DANA, una noticia desgarradora que ha enlutado considerablemente al pa\u00eds. Al menos 155 son los fallecidos que las autoridades han confirmado. Adem\u00e1s, hay decenas de carreteras afectadas por la terrible inundaci\u00f3n y los organismos de salud solicitan impedir el [&hellip;]<\/p>\n","protected":false},"author":6,"featured_media":3391,"comment_status":"open","ping_status":"open","sticky":false,"template":"","format":"standard","meta":{"_et_pb_use_builder":"","_et_pb_old_content":"","_et_gb_content_width":"","footnotes":""},"categories":[5],"tags":[1519,1522,1521,1524,1523,1520],"class_list":["post-3390","post","type-post","status-publish","format-standard","has-post-thumbnail","hentry","category-noticias","tag-cuantos-muertos-hay-en-valencia-por-la-dana","tag-cuantos-desaparecidos-por-la-dana","tag-desaparecidos-dana-valencia","tag-la-torre-valencia","tag-muertes-dana-valencia","tag-valencia-muertos-dana"],"_links":{"self":[{"href":"https:\/\/www.seguros-generales.es\/noticias\/wp-json\/wp\/v2\/posts\/3390","targetHints":{"allow":["GET"]}}],"collection":[{"href":"https:\/\/www.seguros-generales.es\/noticias\/wp-json\/wp\/v2\/posts"}],"about":[{"href":"https:\/\/www.seguros-generales.es\/noticias\/wp-json\/wp\/v2\/types\/post"}],"author":[{"embeddable":true,"href":"https:\/\/www.seguros-generales.es\/noticias\/wp-json\/wp\/v2\/users\/6"}],"replies":[{"embeddable":true,"href":"https:\/\/www.seguros-generales.es\/noticias\/wp-json\/wp\/v2\/comments?post=3390"}],"version-history":[{"count":1,"href":"https:\/\/www.seguros-generales.es\/noticias\/wp-json\/wp\/v2\/posts\/3390\/revisions"}],"predecessor-version":[{"id":3393,"href":"https:\/\/www.seguros-generales.es\/noticias\/wp-json\/wp\/v2\/posts\/3390\/revisions\/3393"}],"wp:featuredmedia":[{"embeddable":true,"href":"https:\/\/www.seguros-generales.es\/noticias\/wp-json\/wp\/v2\/media\/3391"}],"wp:attachment":[{"href":"https:\/\/www.seguros-generales.es\/noticias\/wp-json\/wp\/v2\/media?parent=3390"}],"wp:term":[{"taxonomy":"category","embeddable":true,"href":"https:\/\/www.seguros-generales.es\/noticias\/wp-json\/wp\/v2\/categories?post=3390"},{"taxonomy":"post_tag","embeddable":true,"href":"https:\/\/www.seguros-generales.es\/noticias\/wp-json\/wp\/v2\/tags?post=3390"}],"curies":[{"name":"wp","href":"https:\/\/api.w.org\/{rel}","templated":true}]}}